{"id":16,"date":"2014-04-10T15:07:56","date_gmt":"2014-04-10T15:07:56","guid":{"rendered":"http:\/\/www.funmag.ch\/?p=16"},"modified":"2014-07-22T12:18:43","modified_gmt":"2014-07-22T12:18:43","slug":"coupe-davis","status":"publish","type":"post","link":"http:\/\/www.funmag.ch\/?p=16","title":{"rendered":"COUPE DAVIS 2014"},"content":{"rendered":"<p><b><img decoding=\"async\" loading=\"lazy\" class=\"alignnone\" alt=\"\" src=\"http:\/\/www.geneve-tourisme.ch\/fileadmin\/user_upload\/offres-speciales\/Sujet_Kunden_EDITOR.jpg\" width=\"215\" height=\"150\" \/><\/b><\/p>\n<p><b>La Suisse a souffert pour s&#8217;imposer malgr\u00e9 son r\u00f4le de grande favorite de la rencontre, mais elle a fini par l&#8217;emporter 3-2 face au Kazakhstan. Apr\u00e8s cette victoire obtenue de haute lutte, dirigeants et joueurs helv\u00e9tiques sont venus s&#8217;exprimer face aux m\u00e9dias afin de dire leur fiert\u00e9 et leur joie d&#8217;avoir accompli leur t\u00e2che. Ils se sont naturellement aussi follement r\u00e9jouis de pouvoir accueillir \u00e0 nouveau \u00e0 domicile leur prochain adversaire en Coupe Davis, \u00e0 savoir l&#8217;Italie du 12 au 14 septembre prochain.<\/b><\/p>\n<p>Le premier \u00e0 parler a \u00e9t\u00e9 Ren\u00e9 Stammbach, pr\u00e9sident de Swiss Tennis. Accompagn\u00e9 de Jonas Maag, organisateur de l&#8217;\u00e9v\u00e9nement, il a tenu \u00e0 remercier les m\u00e9dias de leur soutien durant toute la semaine et surtout dit son \u00e9motion: &#8220;Avec ce public, cette ambiance et cette rencontre gagn\u00e9e aussi difficilement, c&#8217;est le moment le plus fort que j&#8217;ai v\u00e9cu depuis 28 ans que je m&#8217;occupe de la Coupe Davis.&#8221;<\/p>\n<p>Ne sachant que depuis tr\u00e8s peu de temps que la Suisse \u00e9tait qualifi\u00e9e pour accueillir l&#8217;Italie en demi-finale en septembre, Ren\u00e9 Stammbach n&#8217;a pas pu donner de d\u00e9tails sur le b\u00e9n\u00e9ficie financier r\u00e9alis\u00e9 par la f\u00e9d\u00e9ration \u00e0 l&#8217;occasion de cette rencontre face au Kazakhstan et il n&#8217;a pas non plus \u00e9t\u00e9 plus pr\u00e9cis sur le futur lieu de d\u00e9roulement du match contre les Italiens: &#8220;Nous avons pr\u00e9-r\u00e9serv\u00e9 Palexpo, o\u00f9 nous pourrions accueillir encore un tout petit peu plus de spectateurs, mais nous allons \u00e9tudier toutes les candidatures, et ce sont surtout le capitaine et les joueurs qui ont leur mot \u00e0 dire sur ce choix.&#8221;<\/p>\n<p>Severin L\u00fcthi a pr\u00e9cis\u00e9ment succ\u00e9d\u00e9 au pr\u00e9sident de la f\u00e9d\u00e9ration avec ses prot\u00e9g\u00e9s Federer et Wawrinka mais le capitaine helv\u00e9tique n&#8217;a pas voulu en dire plus: &#8220;Nous n&#8217;en avons pas encore discut\u00e9.&#8221; Cela a \u00e9t\u00e9 l&#8217;occasion pour les trois protagonistes de plaisanter un peu avec la presse, l&#8217;ambiance \u00e9tant de toute \u00e9vidence tr\u00e8s d\u00e9tendue. Federer a m\u00eame interrog\u00e9 en souriant celui qui est son coach sur le circuit: &#8220;Mais o\u00f9 est-ce que tu jouerais toi si tu \u00e9tais joueur?&#8221;.<\/p>\n<p>On a demand\u00e9 \u00e9galement aux protagonistes comment ils avaient g\u00e9r\u00e9 cette situation d&#8217;\u00eatre men\u00e9s 1-2 apr\u00e8s le double alors qu&#8217;ils \u00e9taient grands favoris, et Roger Federer a r\u00e9pondu que c&#8217;est en toute s\u00e9r\u00e9nit\u00e9 qu&#8217;ils sont parvenus \u00e0 s&#8217;en sortir: &#8220;Il fallait avant tout rester calmes et nous avons r\u00e9ussi \u00e0 le faire.&#8221; Il est certain aussi que le fait d&#8217;avoir renvers\u00e9 la vapeur dans ces circonstances va servir \u00e0 l&#8217;avenir l&#8217;\u00e9quipe de Suisse, d\u00e9sormais certaine qu&#8217;elle peut assumer les situations les plus difficiles.<\/p>\n<p>Stanislas Wawrinka et Roger Federer ont ensuite \u00e9voqu\u00e9 la formidable ambiance qui a r\u00e9gn\u00e9 \u00e0 Palexpo durant les trois jours de comp\u00e9tition: &#8220;On ne peut que dire un tout grand merci aux spectateurs.&#8221; Ils ont pr\u00e9cis\u00e9 que ce sont eux qui avaient d\u00e9sir\u00e9 avoir de la musique aux pauses, interventions qui ont \u00e9t\u00e9 supprim\u00e9es \u00e0 la demande des supporters le dimanche. &#8220;On ne voulait pas que les fans se fatiguent trop la voix les deux premiers jours. Ils ont tout donn\u00e9 le dernier et c&#8217;\u00e9tait super&#8221;, a dit ainsi en riant Federer \u00e0 ce sujet. De fa\u00e7on unanime, ils ont reconnu avoir v\u00e9cu ce week-end \u00e0 Gen\u00e8ve leurs plus fortes \u00e9motions en Coupe Davis. &#8220;Avec le match de barrage remport\u00e9 en Australie il y a deux ans&#8221;, a ajout\u00e9 Wawrinka. &#8220;Avec la rencontre jou\u00e9e \u00e0 Lausanne contre la Belgique juste apr\u00e8s notre m\u00e9daille d&#8217;or olympique en double \u00e0 P\u00e9kin en 2008&#8221;, a ajout\u00e9 Federer. &#8220;Mais il y avait moins de suspense!&#8221;, a conclu Wawrinka.<\/p>\n<p>Pour finir, Roger Federer a exprim\u00e9 son souhait que toute l&#8217;\u00e9quipe reste en bonne sant\u00e9 jusqu&#8217;en septembre afin que la Suisse ait les meilleures chances d&#8217;atteindre la finale de la Coupe Davis, un \u00e9v\u00e9nement qu&#8217;il n&#8217;a jamais encore eu l&#8217;occasion de vivre au cours de sa prestigieuse carri\u00e8re.<\/p>\n<p>&nbsp;<\/p>\n<p>&nbsp;<\/p>\n<p>&nbsp;<\/p>\n","protected":false},"excerpt":{"rendered":"<p>La Suisse a souffert pour s&#8217;imposer malgr\u00e9 son r\u00f4le de grande favorite de la rencontre, mais elle a fini par l&#8217;emporter 3-2 face au Kazakhstan. Apr\u00e8s cette victoire obtenue de haute lutte, dirigeants et joueurs helv\u00e9tiques sont venus s&#8217;exprimer face aux m\u00e9dias afin de dire leur fiert\u00e9 et leur joie d&#8217;avoir accompli leur t\u00e2che. Ils &hellip; <a href=\"http:\/\/www.funmag.ch\/?p=16\" class=\"more-link\">Continue reading <span class=\"screen-reader-text\">COUPE DAVIS 2014<\/span> <span class=\"meta-nav\">&rarr;<\/span><\/a><\/p>\n","protected":false},"author":1,"featured_media":0,"comment_status":"open","ping_status":"open","sticky":false,"template":"","format":"standard","meta":[],"categories":[3],"tags":[],"_links":{"self":[{"href":"http:\/\/www.funmag.ch\/index.php?rest_route=\/wp\/v2\/posts\/16"}],"collection":[{"href":"http:\/\/www.funmag.ch\/index.php?rest_route=\/wp\/v2\/posts"}],"about":[{"href":"http:\/\/www.funmag.ch\/index.php?rest_route=\/wp\/v2\/types\/post"}],"author":[{"embeddable":true,"href":"http:\/\/www.funmag.ch\/index.php?rest_route=\/wp\/v2\/users\/1"}],"replies":[{"embeddable":true,"href":"http:\/\/www.funmag.ch\/index.php?rest_route=%2Fwp%2Fv2%2Fcomments&post=16"}],"version-history":[{"count":3,"href":"http:\/\/www.funmag.ch\/index.php?rest_route=\/wp\/v2\/posts\/16\/revisions"}],"predecessor-version":[{"id":41,"href":"http:\/\/www.funmag.ch\/index.php?rest_route=\/wp\/v2\/posts\/16\/revisions\/41"}],"wp:attachment":[{"href":"http:\/\/www.funmag.ch\/index.php?rest_route=%2Fwp%2Fv2%2Fmedia&parent=16"}],"wp:term":[{"taxonomy":"category","embeddable":true,"href":"http:\/\/www.funmag.ch\/index.php?rest_route=%2Fwp%2Fv2%2Fcategories&post=16"},{"taxonomy":"post_tag","embeddable":true,"href":"http:\/\/www.funmag.ch\/index.php?rest_route=%2Fwp%2Fv2%2Ftags&post=16"}],"curies":[{"name":"wp","href":"https:\/\/api.w.org\/{rel}","templated":true}]}}